{"id":1363,"date":"2023-03-17T14:30:10","date_gmt":"2023-03-17T14:30:10","guid":{"rendered":"https:\/\/vignetosicuro.it\/?p=1363"},"modified":"2023-10-31T14:45:35","modified_gmt":"2023-10-31T14:45:35","slug":"oidio-della-vite-cose-e-come-prevenirlo","status":"publish","type":"post","link":"https:\/\/vignetosicuro.it\/es\/oidio-della-vite-cose-e-come-prevenirlo\/","title":{"rendered":"Oidium de la Vid: qu\u00e9 es y c\u00f3mo prevenirlo"},"content":{"rendered":"<div role=\"navigation\" aria-label=\"Tabla de contenidos\" class=\"simpletoc wp-block-simpletoc-toc\"><h2 class=\"simpletoc-title\">Tabla de contenidos<\/h2>\n<ul class=\"simpletoc-list\">\n<li><a href=\"#che-cose-loidio-della-vite\">\u00bfQu\u00e9 es el Oidium de la Vid?<\/a>\n<\/li>\n<li><a href=\"#titolo2\">Importancia de la prevenci\u00f3n y el control de las enfermedades<\/a>\n<\/li>\n<li><a href=\"#titolo3\">\u00bfCu\u00e1les son las causas del Oidio de la Vid?&nbsp;<\/a>\n<\/li>\n<li><a href=\"#titolo4\">\u00bfCu\u00e1les son los factores que promueven el desarrollo de la enfermedad?&nbsp;<\/a>\n<\/li>\n<li><a href=\"#titolo5\">C\u00f3mo el Oidium de la Vid se manifiesta en hojas y racimos<\/a>\n<\/li>\n<li><a href=\"#titolo6\">C\u00f3mo reconocer los s\u00edntomas de la enfermedad<\/a>\n<\/li>\n<li><a href=\"#titolo7\">\u00bfCu\u00e1les son las medidas preventivas para evitar el Oidium de la Vid?&nbsp;<\/a>\n<\/li>\n<li><a href=\"#titolo8\">\u00bfCu\u00e1les son los tratamientos qu\u00edmicos y no qu\u00edmicos para el control de enfermedades?&nbsp;<\/a>\n<\/li>\n<li><a href=\"#titolo9\">C\u00f3mo gestionar el Oidium de la Vid de forma sostenible<\/a>\n<\/li>\n<li><a href=\"#titolo10\">Consejos para el manejo adecuado de la enfermedad<\/a>\n<\/li>\n<li><a href=\"#sitografia\">Sitio<\/a>\n<\/li><\/ul><\/div>\n\n\n<figure class=\"wp-block-image size-large\"><img fetchpriority=\"high\" decoding=\"async\" width=\"1024\" height=\"535\" src=\"https:\/\/vignetosicuro.it\/wp-content\/uploads\/2023\/03\/OidioZero-1024x535.jpg\" alt=\"Oidium de la vid\" class=\"wp-image-2161\" srcset=\"https:\/\/vignetosicuro.it\/wp-content\/uploads\/2023\/03\/OidioZero-1024x535.jpg 1024w, https:\/\/vignetosicuro.it\/wp-content\/uploads\/2023\/03\/OidioZero-300x157.jpg 300w, https:\/\/vignetosicuro.it\/wp-content\/uploads\/2023\/03\/OidioZero-768x402.jpg 768w, https:\/\/vignetosicuro.it\/wp-content\/uploads\/2023\/03\/OidioZero-1536x803.jpg 1536w, https:\/\/vignetosicuro.it\/wp-content\/uploads\/2023\/03\/OidioZero-2048x1071.jpg 2048w\" sizes=\"(max-width: 1024px) 100vw, 1024px\" \/><\/figure>\n\n\n\n<h2 id=\"che-cose-loidio-della-vite\" class=\"wp-block-heading\">\u00bfQu\u00e9 es el Oidium de las Vidas?<\/h2>\n\n\n\n<p class=\"wp-block-paragraph\">EL<strong>Oidium<\/strong>&nbsp;del&nbsp;<strong>Vid<\/strong>, tambi\u00e9n conocido como \u00ab<strong>mal blanco<\/strong>\u201d o \u201c<strong>gris podrido<\/strong>\u201d causado por&nbsp;<strong>hongo \u00abUncinula necator\u00bb<\/strong>, es uno de los&nbsp;<strong>patolog\u00edas<\/strong>&nbsp;m\u00e1s difundida y perjudicial para la&nbsp;<strong>vid&nbsp;<\/strong>junto con el&nbsp;<a href=\"https:\/\/www.tracetech.it\/blog\/p\/la-peronospora-della-vite\" target=\"_blank\" rel=\"noreferrer noopener\">Peronospora<\/a>. Se manifiesta a trav\u00e9s de la aparici\u00f3n de&nbsp;<strong>manchas grises<\/strong>&nbsp;O&nbsp;<strong>blanco<\/strong>&nbsp;arriba&nbsp;<strong>hojas<\/strong>&nbsp;e&nbsp;<strong>racimos<\/strong>, entonces pueden desarrollar un&nbsp;<strong>molde marr\u00f3n<\/strong>. I&nbsp;<strong>racimos de uvas<\/strong>&nbsp;tambi\u00e9n pueden presentar la formaci\u00f3n de&nbsp;<strong>moldes<\/strong>&nbsp;O&nbsp;<strong>podredumbre<\/strong>, capaz de comprometer el&nbsp;<strong>calidad<\/strong>&nbsp;y el&nbsp;<strong>cantidad<\/strong>.<\/p>\n\n\n\n<h2 class=\"wp-block-heading\" id=\"titolo2\">Importancia de la prevenci\u00f3n y el control de las enfermedades<\/h2>\n\n\n\n<p class=\"wp-block-paragraph\"><strong>La importancia<\/strong>&nbsp;del&nbsp;<strong>prevenci\u00f3n<\/strong>&nbsp;y el&nbsp;<strong>control<\/strong>&nbsp;de la<strong>Oidium de la Vid<\/strong>&nbsp;es esencial garantizar la&nbsp;<strong>salud de la vid<\/strong>&nbsp;y el&nbsp;<strong>calidad de las uvas<\/strong>.<\/p>\n\n\n\n<p class=\"wp-block-paragraph\">El&nbsp;<strong>enfermedad<\/strong>&nbsp;puede causar&nbsp;<strong>da\u00f1os significativos<\/strong>&nbsp;para&nbsp;<strong>producci\u00f3n de uvas<\/strong>, ambos en&nbsp;<strong>t\u00e9rminos de cantidad<\/strong>&nbsp;cu\u00e1l de&nbsp;<strong>calidad<\/strong>. Adem\u00e1s, el<strong>Oidium de la Vid<\/strong>&nbsp;lata&nbsp;<strong>debilitamiento de la planta<\/strong>&nbsp;y hacerlo m\u00e1s susceptible a&nbsp;<strong>otras enfermedades<\/strong>&nbsp;O&nbsp;<strong>estr\u00e9s ambiental<\/strong>.<\/p>\n\n\n\n<p class=\"wp-block-paragraph\">Por lo tanto, es importante&nbsp;<strong>conocer alguna informaci\u00f3n b\u00e1sica<\/strong>&nbsp;e&nbsp;<strong>tomar medidas preventivas<\/strong>&nbsp;para&nbsp;<strong>evitar la aparici\u00f3n de la enfermedad<\/strong>&nbsp;e&nbsp;<strong>intervenir de manera oportuna<\/strong>&nbsp;con&nbsp;<strong>tratamientos adecuados<\/strong>&nbsp;en caso de infecci\u00f3n.<\/p>\n\n\n\n<h2 class=\"wp-block-heading\" id=\"titolo3\">\u00bfCu\u00e1les son las causas de la vida Oidium <\/h2>\n\n\n\n<p class=\"wp-block-paragraph\"><strong>El Oidio de la Vid<\/strong>&nbsp;es causada por el&nbsp;<strong>hongo \u00abUncinula necator\u00bb<\/strong>, pertenecientes a la&nbsp;<strong>familia de Erysiphaceae<\/strong>. Esto&nbsp;<strong>hongo<\/strong>&nbsp;est\u00e1 presente en todos&nbsp;<strong>regiones vitivin\u00edcolas<\/strong>&nbsp;del mundo y puede afectar a todos&nbsp;<strong>variedad de vides<\/strong>, aunque algunos son m\u00e1s susceptibles que otros.<\/p>\n\n\n\n<p class=\"wp-block-paragraph\">Su&nbsp;<strong>espora<\/strong>&nbsp;pueden ser transportados desde&nbsp;<strong>viento<\/strong>&nbsp;o de la<strong>agua<\/strong>, y pueden estar presentes en&nbsp;<strong>plantas<\/strong>&nbsp;o en&nbsp;<strong>Material de trasplante infectado<\/strong>, transmitiendo a trav\u00e9s del contacto.<\/p>\n\n\n\n<h2 class=\"wp-block-heading\" id=\"titolo4\">\u00bfCu\u00e1les son los factores que promueven el desarrollo de la enfermedad? <\/h2>\n\n\n\n<p class=\"wp-block-paragraph\">Hay algunos&nbsp;<strong>factores<\/strong>&nbsp;que fomenta el desarrollo de la<strong>Oidium de la Vid<\/strong>&nbsp;que deben tenerse en cuenta para&nbsp;<strong>prevenir<\/strong>&nbsp;el inicio de la&nbsp;<strong>enfermedad<\/strong>.<\/p>\n\n\n\n<p class=\"wp-block-paragraph\">Los principales factores de riesgo son:<\/p>\n\n\n\n<p class=\"wp-block-paragraph\">\u2022&nbsp;<strong>Alta humedad<\/strong>: el&nbsp;<strong>hongo<\/strong>&nbsp;se desarrolla especialmente en condiciones de alta humedad relativa, tanto durante la fase vegetativa como durante la maduraci\u00f3n de la&nbsp;<strong>uva<\/strong>. Por lo tanto, es importante evitar condiciones de humedad excesiva que favorezcan la propagaci\u00f3n de esporas de hongos.<\/p>\n\n\n\n<p class=\"wp-block-paragraph\">\u2022&nbsp;<strong>Temperaturas suaves<\/strong>: Las temperaturas entre 15 y 25 \u00b0C son las m\u00e1s favorables para el desarrollo del hongo. Por lo tanto, en \u00e1reas donde estas condiciones clim\u00e1ticas son frecuentes, el riesgo de infecci\u00f3n con&nbsp;<strong>Oidium de la Vid<\/strong>&nbsp;es m\u00e1s grande.<\/p>\n\n\n\n<p class=\"wp-block-paragraph\">\u2022&nbsp;<strong>Plantas hospedadoras<\/strong>: adem\u00e1s de la vid, tambi\u00e9n otras plantas frutales como&nbsp;<strong>Kiwi<\/strong>,&nbsp;<strong>manzanas<\/strong>,&nbsp;<strong>peras<\/strong>&nbsp;e&nbsp;<strong>cerezas<\/strong>&nbsp;pueden verse afectados por la enfermedad. Por lo tanto, es importante evitar la proximidad de otras plantas hu\u00e9sped a la vid, a fin de reducir el riesgo de propagaci\u00f3n del hongo.<\/p>\n\n\n\n<p class=\"wp-block-paragraph\">\u2022&nbsp;<strong>Superposici\u00f3n de follaje<\/strong>: la superposici\u00f3n de follaje puede crear condiciones de humedad excesiva dentro de la&nbsp;<strong>vi\u00f1edo<\/strong>, promover el desarrollo del hongo. Por lo tanto, es importante mantener intervalos de poda adecuados para garantizar una buena circulaci\u00f3n de aire.<\/p>\n\n\n\n<p class=\"wp-block-paragraph\">\u2022&nbsp;<strong>Situaci\u00f3n sanitaria de la vid<\/strong>: I&nbsp;<strong>plantas<\/strong>&nbsp;vidas debilitadas o estresadas son m\u00e1s susceptibles a<strong>Oidium de la Vid<\/strong>&nbsp;en comparaci\u00f3n con las plantas sanas. Por lo tanto, es importante mantener la vid en buen estado de salud a trav\u00e9s de&nbsp;<strong>irrigaci\u00f3n<\/strong>,&nbsp;<strong>fertilizaci\u00f3n<\/strong>&nbsp;y defenderse contra otras enfermedades.<\/p>\n\n\n\n<p class=\"wp-block-paragraph\">\u2022&nbsp;<strong>Material de trasplante infectado<\/strong>: esporas de hongos pueden estar presentes en&nbsp;<strong>plantas<\/strong>&nbsp;o en&nbsp;<strong>Material de trasplante infectado<\/strong>, transmitiendo a trav\u00e9s del contacto.<\/p>\n\n\n\n<p class=\"wp-block-paragraph\">Por lo tanto, es importante utilizar solo material de trasplante saludable para evitar la introducci\u00f3n de la enfermedad en el vi\u00f1edo. Con estos factores de riesgo en mente, es posible adoptar&nbsp;<strong>medidas preventivas<\/strong>&nbsp;para evitar el inicio de la<strong>Oidium de la Vid<\/strong>&nbsp;y garantizar la salud y el buen funcionamiento de la vid en el vi\u00f1edo.\u00bb<\/p>\n\n\n\n<h2 class=\"wp-block-heading\" id=\"titolo5\">C\u00f3mo se manifiesta el Oidium del Tornillo en hojas y c\u00famulos<\/h2>\n\n\n\n<p class=\"wp-block-paragraph\"><strong>El Oidio de la Vid<\/strong>&nbsp;se manifiesta principalmente a trav\u00e9s de la aparici\u00f3n de&nbsp;<strong>manchas grises<\/strong>&nbsp;O&nbsp;<strong>blanco<\/strong>&nbsp;arriba&nbsp;<strong>hojas<\/strong>&nbsp;e&nbsp;<strong>racimos<\/strong>, entonces pueden desarrollar un&nbsp;<strong>molde marr\u00f3n<\/strong>.<\/p>\n\n\n\n<p class=\"wp-block-paragraph\">I&nbsp;<strong>manchas<\/strong>&nbsp;pueden ser de diferente&nbsp;<strong>formas<\/strong>&nbsp;e&nbsp;<strong>dimensiones<\/strong>, y tienden a aumentar&nbsp;<strong>n\u00famero<\/strong>&nbsp;e&nbsp;<strong>dimensi\u00f3n<\/strong>&nbsp;como el progreso de la&nbsp;<strong>enfermedad<\/strong>.<\/p>\n\n\n\n<p class=\"wp-block-paragraph\">I\u00a0<strong>racimos de uvas<\/strong>\u00a0tambi\u00e9n pueden presentar la formaci\u00f3n de\u00a0<strong>moldes<\/strong>\u00a0O\u00a0<strong>podredumbre<\/strong>, que compromete el\u00a0<strong>calidad<\/strong>\u00a0y el\u00a0<strong>cantidad<\/strong>. Adem\u00e1s,\u00a0<strong>el Oidio de la Vid<\/strong>\u00a0puede causar la<strong>amarilleamiento<\/strong>\u00a0y el<strong>abscisi\u00f3n<\/strong>\u00a0del\u00a0<strong>hojas<\/strong>, reducci\u00f3n de la capacidad de\u00a0<strong>fotos\u00edntesis<\/strong>\u00a0del\u00a0<strong>planta<\/strong>.<\/p>\n\n\n\n<figure class=\"wp-block-image size-full\"><img decoding=\"async\" width=\"768\" height=\"479\" src=\"https:\/\/vignetosicuro.it\/wp-content\/uploads\/2023\/03\/powdery-mildew-on-grapes-768x479-1.jpg\" alt=\"Oidium de la vid\" class=\"wp-image-2166\" srcset=\"https:\/\/vignetosicuro.it\/wp-content\/uploads\/2023\/03\/powdery-mildew-on-grapes-768x479-1.jpg 768w, https:\/\/vignetosicuro.it\/wp-content\/uploads\/2023\/03\/powdery-mildew-on-grapes-768x479-1-300x187.jpg 300w\" sizes=\"(max-width: 768px) 100vw, 768px\" \/><\/figure>\n\n\n\n<h2 class=\"wp-block-heading\" id=\"titolo6\">C\u00f3mo reconocer los s\u00edntomas de la enfermedad<\/h2>\n\n\n\n<p class=\"wp-block-paragraph\">Reconocer los s\u00edntomas de<strong>Oidium de la Vid<\/strong>&nbsp;es importante observar cuidadosamente el&nbsp;<strong>hojas<\/strong>&nbsp;y el&nbsp;<strong>racimos<\/strong>&nbsp;de la vid.<\/p>\n\n\n\n<p class=\"wp-block-paragraph\">Estos son algunos signos t\u00edpicos de la enfermedad:<\/p>\n\n\n\n<p class=\"wp-block-paragraph\">\u2022&nbsp;<strong>Manchas grises<\/strong>&nbsp;O&nbsp;<strong>blanco<\/strong>&nbsp;arriba&nbsp;<strong>hojas<\/strong>&nbsp;e&nbsp;<strong>racimos<\/strong>: Las manchas pueden tener diferentes formas y tama\u00f1os y tienden a aumentar en n\u00famero y tama\u00f1o a medida que la enfermedad progresa.<\/p>\n\n\n\n<p class=\"wp-block-paragraph\">\u2022&nbsp;<strong>Molde marr\u00f3n<\/strong>&nbsp;arriba&nbsp;<strong>hojas<\/strong>&nbsp;e&nbsp;<strong>racimos<\/strong>: El moho puede aparecer en la superficie de manchas grises o blancas o en la parte inferior de las hojas.<\/p>\n\n\n\n<p class=\"wp-block-paragraph\">\u2022&nbsp;<strong>Amarilleamiento<\/strong>&nbsp;e&nbsp;<strong>abscisi\u00f3n<\/strong>&nbsp;del&nbsp;<strong>hojas<\/strong>: las hojas afectadas por el oidio del tornillo pueden amarillearse y caer temprano, reduciendo la capacidad de fotos\u00edntesis de la planta.<\/p>\n\n\n\n<p class=\"wp-block-paragraph\">\u2022\u00a0<strong>pudrici\u00f3n<\/strong>\u00a0O\u00a0<strong>moldes<\/strong>\u00a0sui\u00a0<strong>racimos<\/strong>: Los racimos de uva infectados pueden tener podredumbre o moho, lo que compromete su calidad y cantidad.<\/p>\n\n\n\n<figure class=\"wp-block-image size-large\"><img decoding=\"async\" width=\"1024\" height=\"683\" src=\"https:\/\/vignetosicuro.it\/wp-content\/uploads\/2023\/03\/oidio-della-vite-1024x683.jpg\" alt=\"oidio de la vid en la hoja\" class=\"wp-image-2164\" srcset=\"https:\/\/vignetosicuro.it\/wp-content\/uploads\/2023\/03\/oidio-della-vite-1024x683.jpg 1024w, https:\/\/vignetosicuro.it\/wp-content\/uploads\/2023\/03\/oidio-della-vite-300x200.jpg 300w, https:\/\/vignetosicuro.it\/wp-content\/uploads\/2023\/03\/oidio-della-vite-768x512.jpg 768w, https:\/\/vignetosicuro.it\/wp-content\/uploads\/2023\/03\/oidio-della-vite.jpg 1200w\" sizes=\"(max-width: 1024px) 100vw, 1024px\" \/><\/figure>\n\n\n\n<p class=\"wp-block-paragraph\">Confirmar la presencia de<strong>Oidium de la Vid<\/strong>&nbsp;es importante llevar a cabo un an\u00e1lisis de&nbsp;<strong>esporas de hongos<\/strong>&nbsp;presente en la planta o tejidos afectados. Adem\u00e1s, es importante considerar que los s\u00edntomas de<strong>Oidium de la Vid<\/strong>&nbsp;pueden ser similares a las de otras enfermedades de la vid, como la<strong>podredumbre apical<\/strong>\u201d o el \u201c<strong>clorosis variegada<\/strong>&#8220;.<\/p>\n\n\n\n<p class=\"wp-block-paragraph\">Por lo tanto, es importante consultar a un experto para un diagn\u00f3stico correcto y para el tratamiento m\u00e1s adecuado. Reconocer r\u00e1pidamente los s\u00edntomas de<strong>Oidium de la Vid<\/strong>&nbsp;es esencial intervenir r\u00e1pidamente con los tratamientos adecuados y garantizar la salud de la vid y la calidad de las uvas.<br><\/p>\n\n\n\t\t<div data-elementor-type=\"section\" data-elementor-id=\"1538\" class=\"elementor elementor-1538\" data-elementor-post-type=\"elementor_library\">\n\t\t\t\t\t<section class=\"elementor-section elementor-top-section elementor-element elementor-element-d99e769 elementor-section-stretched elementor-reverse-tablet elementor-reverse-mobile elementor-section-boxed elementor-section-height-default elementor-section-height-default\" data-id=\"d99e769\" data-element_type=\"section\" data-e-type=\"section\" data-settings=\"{&quot;stretch_section&quot;:&quot;section-stretched&quot;,&quot;background_background&quot;:&quot;classic&quot;}\">\n\t\t\t\t\t\t<div class=\"elementor-container elementor-column-gap-default\">\n\t\t\t\t\t<div class=\"elementor-column elementor-col-50 elementor-top-column elementor-element elementor-element-d41fb51\" data-id=\"d41fb51\" data-element_type=\"column\" data-e-type=\"column\">\n\t\t\t<div class=\"elementor-widget-wrap elementor-element-populated\">\n\t\t\t\t\t\t<div class=\"elementor-element elementor-element-0e62740 elementor-absolute elementor-widget elementor-widget-image\" data-id=\"0e62740\" data-element_type=\"widget\" data-e-type=\"widget\" data-settings=\"{&quot;_position&quot;:&quot;absolute&quot;}\" data-widget_type=\"image.default\">\n\t\t\t\t<div class=\"elementor-widget-container\">\n\t\t\t\t\t\t\t\t\t\t\t\t\t\t\t<img loading=\"lazy\" decoding=\"async\" width=\"525\" height=\"622\" src=\"https:\/\/vignetosicuro.it\/wp-content\/uploads\/2023\/03\/CTA-MANO-CUT.webp\" class=\"attachment-large size-large wp-image-311\" alt=\"\" srcset=\"https:\/\/vignetosicuro.it\/wp-content\/uploads\/2023\/03\/CTA-MANO-CUT.webp 525w, https:\/\/vignetosicuro.it\/wp-content\/uploads\/2023\/03\/CTA-MANO-CUT-253x300.webp 253w\" sizes=\"(max-width: 525px) 100vw, 525px\" \/>\t\t\t\t\t\t\t\t\t\t\t\t\t\t\t<\/div>\n\t\t\t\t<\/div>\n\t\t\t\t\t<\/div>\n\t\t<\/div>\n\t\t\t\t<div class=\"elementor-column elementor-col-50 elementor-top-column elementor-element elementor-element-8ce7d0a\" data-id=\"8ce7d0a\" data-element_type=\"column\" data-e-type=\"column\">\n\t\t\t<div class=\"elementor-widget-wrap elementor-element-populated\">\n\t\t\t\t\t\t<div class=\"elementor-element elementor-element-f4a4a0e elementor-widget elementor-widget-heading\" data-id=\"f4a4a0e\" data-element_type=\"widget\" data-e-type=\"widget\" data-widget_type=\"heading.default\">\n\t\t\t\t<div class=\"elementor-widget-container\">\n\t\t\t\t\t<h2 class=\"elementor-heading-title elementor-size-default\">Todo tiene que ver con la prevenci\u00f3n.<\/h2>\t\t\t\t<\/div>\n\t\t\t\t<\/div>\n\t\t\t\t<div class=\"elementor-element elementor-element-336b769 elementor-widget elementor-widget-text-editor\" data-id=\"336b769\" data-element_type=\"widget\" data-e-type=\"widget\" data-widget_type=\"text-editor.default\">\n\t\t\t\t<div class=\"elementor-widget-container\">\n\t\t\t\t\t\t\t\t\t<p>En unos pocos clics conocer\u00e1s el clima la evoluci\u00f3n de las enfermedades en el&nbsp;<span style=\"color: var( --e-global-color-6cd6519 );\">su campo y usted puede tomar medidas preventivas.<\/span><\/p>\t\t\t\t\t\t\t\t<\/div>\n\t\t\t\t<\/div>\n\t\t\t\t<div class=\"elementor-element elementor-element-b21700e elementor-widget__width-inherit elementor-align-left elementor-mobile-align-center elementor-tablet-align-center elementor-widget elementor-widget-button\" data-id=\"b21700e\" data-element_type=\"widget\" data-e-type=\"widget\" data-widget_type=\"button.default\">\n\t\t\t\t<div class=\"elementor-widget-container\">\n\t\t\t\t\t\t\t\t\t<div class=\"elementor-button-wrapper\">\n\t\t\t\t\t<a class=\"elementor-button elementor-button-link elementor-size-sm\" href=\"https:\/\/app.vignetosicuro.it\/registrati-social\">\n\t\t\t\t\t\t<span class=\"elementor-button-content-wrapper\">\n\t\t\t\t\t\t\t\t\t<span class=\"elementor-button-text\">PRUEBA LA APLICACI\u00d3N<\/span>\n\t\t\t\t\t<\/span>\n\t\t\t\t\t<\/a>\n\t\t\t\t<\/div>\n\t\t\t\t\t\t\t\t<\/div>\n\t\t\t\t<\/div>\n\t\t\t\t\t<\/div>\n\t\t<\/div>\n\t\t\t\t\t<\/div>\n\t\t<\/section>\n\t\t\t\t<\/div>\n\t\t\n\n\n\n<h2 class=\"wp-block-heading\" id=\"titolo7\">\u00bfCu\u00e1les son las medidas preventivas para evitar el odio a la vid? <\/h2>\n\n\n\n<p class=\"wp-block-paragraph\">Para prevenir el<strong>Oidium de la Vid<\/strong>&nbsp;es importante adoptar algunos&nbsp;<strong>medidas preventivas<\/strong>, como el&nbsp;<strong>limpieza a fondo<\/strong>&nbsp;del&nbsp;<strong>vi\u00f1edo<\/strong>&nbsp;y el<strong>eliminaci\u00f3n<\/strong>&nbsp;del&nbsp;<strong>plantas infectadas<\/strong>&nbsp;o&nbsp;<strong>partes infectadas<\/strong>&nbsp;del&nbsp;<strong>planta<\/strong>. Adem\u00e1s, es importante usar solo&nbsp;<strong>Material de trasplante saludable<\/strong>, para evitar la introducci\u00f3n de&nbsp;<strong>enfermedad<\/strong>&nbsp;en&nbsp;<strong>vi\u00f1edo<\/strong>.<\/p>\n\n\n\n<p class=\"wp-block-paragraph\">Para garantizar una&nbsp;<strong>buen aire y luz<\/strong>&nbsp;dentro de la&nbsp;<strong>vi\u00f1edo<\/strong>, es importante evitar el&nbsp;<strong>solapamiento de follaje<\/strong>&nbsp;y mantener adecuado&nbsp;<strong>intervalos de poda<\/strong>. Adem\u00e1s, es importante evitar el&nbsp;<strong>condiciones de humedad excesiva<\/strong>, que favorece el&nbsp;<strong>desarrollo del hongo<\/strong>.<\/p>\n\n\n\n<p class=\"wp-block-paragraph\">Por ejemplo, es aconsejable evitar&nbsp;<strong>irrigar<\/strong>&nbsp;durante el&nbsp;<strong>Horas m\u00e1s calientes del d\u00eda<\/strong>&nbsp;o durante el&nbsp;<strong>etapas de floraci\u00f3n y maduraci\u00f3n de las uvas<\/strong>, cuando el<strong>la evapotranspiraci\u00f3n es mayor<\/strong>.<\/p>\n\n\n\n<h2 class=\"wp-block-heading\" id=\"titolo8\">\u00bfCu\u00e1les son los tratamientos qu\u00edmicos y no qu\u00edmicos para el control de enfermedades? <\/h2>\n\n\n\n<p class=\"wp-block-paragraph\">En el caso de&nbsp;<strong>infecci\u00f3n por Oidium of the Lives<\/strong>, hay varios&nbsp;<strong>tratamientos qu\u00edmicos<\/strong>&nbsp;e&nbsp;<strong>no qu\u00edmicos<\/strong>&nbsp;que se puede utilizar para el&nbsp;<strong>control de enfermedades<\/strong>.<\/p>\n\n\n\n<p class=\"wp-block-paragraph\">I&nbsp;<strong>tratamientos qu\u00edmicos<\/strong>&nbsp;incluir el uso de&nbsp;<strong>fungicidas espec\u00edficos<\/strong>&nbsp;para el<strong>Oidium de la Vid<\/strong>, por ejemplo, el \u00ab<strong>tebuconazol<\/strong>\u201d o el \u201c<strong>triadimenol<\/strong>\u00ab. Estos&nbsp;<strong>productos<\/strong>&nbsp;debe aplicarse&nbsp;<strong>seg\u00fan las dosis y m\u00e9todos indicados por el fabricante<\/strong>, para garantizar la<strong>eficacia del tratamiento<\/strong>&nbsp;y reducir el&nbsp;<strong>riesgo de residuos qu\u00edmicos<\/strong>&nbsp;en las uvas. I&nbsp;<strong>tratamientos no qu\u00edmicos<\/strong>&nbsp;incluir el uso de&nbsp;<strong>cobre<\/strong>&nbsp;c\u00f3mo&nbsp;<strong>fungicida natural<\/strong>, que tiene un<strong>acciones preventivas y curativas<\/strong>&nbsp;por lo que respecta a la<strong>Oidium de la Vid<\/strong>. Debe aplicarse cobre&nbsp;<strong>seg\u00fan las dosis y m\u00e9todos indicados por el fabricante<\/strong>, y debe ser utilizado con&nbsp;<strong>precauci\u00f3n<\/strong>&nbsp;porque puede tener&nbsp;<strong>efectos negativos<\/strong>&nbsp;sobre algunas especies de invertebrados y sobre el&nbsp;<strong>biodiversidad del suelo<\/strong>.<\/p>\n\n\n\n<p class=\"wp-block-paragraph\">Adem\u00e1s, se puede utilizar&nbsp;<strong>t\u00e9cnicas de control biol\u00f3gico<\/strong>&nbsp;para el control de la<strong>Oidium de la Vid<\/strong>, c\u00f3mo utilizar&nbsp;<strong>antagonistas naturales<\/strong>&nbsp;del hongo. Por ejemplo, puede utilizar la especie\u00bb.<strong>Amphorella quadripunctata (pel\u00edcula)<\/strong>\u201d para el control biol\u00f3gico de la<strong>Oidium de la Vid<\/strong>, ya que es capaz de alimentarse de las esporas del hongo y reducir su propagaci\u00f3n.<\/p>\n\n\n\n<p class=\"wp-block-paragraph\">Para garantizar la eficacia del tratamiento y reducir el riesgo de&nbsp;<strong>resistencia de hongos<\/strong>&nbsp;para los productos qu\u00edmicos, es importante seguir un&nbsp;<strong>estrategia de gesti\u00f3n integrada de plagas<\/strong>&nbsp;combinar varias medidas preventivas y de control.<\/p>\n\n\n\n<p class=\"wp-block-paragraph\">Adem\u00e1s, es importante respetar los m\u00e9todos y dosis indicados por el fabricante para el uso de los productos qu\u00edmicos, y verificar que est\u00e1n autorizados para su uso en&nbsp;<strong>vi\u00f1edo<\/strong>. En&nbsp;<strong>vi\u00f1edos ecol\u00f3gicos<\/strong>, es importante utilizar&nbsp;<strong>solo m\u00e9todos de prevenci\u00f3n y control autorizados por el pliego de condiciones de la producci\u00f3n ecol\u00f3gica<\/strong>, como el uso de cobre como fungicida natural o t\u00e9cnicas de control biol\u00f3gico.<\/p>\n\n\n\n<h2 class=\"wp-block-heading\" id=\"titolo9\">C\u00f3mo gestionar Life Oidium de una manera sostenible<\/h2>\n\n\n\n<p class=\"wp-block-paragraph\">El&nbsp;<strong>gesti\u00f3n<\/strong>&nbsp;de la<strong>Oidium de la Vid<\/strong>&nbsp;en&nbsp;<strong>vi\u00f1edos ecol\u00f3gicos<\/strong>&nbsp;requiere la adopci\u00f3n de&nbsp;<strong>m\u00e9todos sostenibles de prevenci\u00f3n y control<\/strong>, que respetan&nbsp;<strong>el medio ambiente<\/strong>&nbsp;e&nbsp;<strong>salud de las personas<\/strong>.<\/p>\n\n\n\n<p class=\"wp-block-paragraph\">En este contexto, es importante seguir uno&nbsp;<strong>estrategia de gesti\u00f3n integrada de plagas<\/strong>&nbsp;que combinan diferentes&nbsp;<strong>medidas preventivas<\/strong>&nbsp;y&nbsp;<strong>control<\/strong>, tales como:<\/p>\n\n\n\n<p class=\"wp-block-paragraph\">\u2022&nbsp;<strong>Limpieza a fondo<\/strong>&nbsp;del vi\u00f1edo: eliminar las plantas infectadas o partes infectadas de la planta, y mantener el vi\u00f1edo limpio y ordenado, ayuda a reducir la propagaci\u00f3n del hongo.<\/p>\n\n\n\n<p class=\"wp-block-paragraph\">\u2022 Uso de&nbsp;<strong>Material de trasplante saludable<\/strong>: es importante utilizar solo material de trasplante sano, para evitar la introducci\u00f3n de la enfermedad en el vi\u00f1edo.<\/p>\n\n\n\n<p class=\"wp-block-paragraph\">\u2022&nbsp;<strong>Nutrici\u00f3n y gesti\u00f3n de la tierra<\/strong>: El suelo bien alimentado y bien drenado ayuda a mantener las plantas de vid en buen estado de salud, reduciendo el riesgo de infecci\u00f3n por Screw Oidium.<\/p>\n\n\n\n<p class=\"wp-block-paragraph\">\u2022 Uso de&nbsp;<strong>cobre como fungicida natural<\/strong>: El cobre tiene una acci\u00f3n preventiva y curativa contra el Oidio della Vite, y se puede utilizar en vi\u00f1edos ecol\u00f3gicos como m\u00e9todo de control. Sin embargo, el cobre debe usarse con precauci\u00f3n, ya que puede tener efectos negativos en algunas especies de invertebrados y en la biodiversidad del suelo.<\/p>\n\n\n\n<p class=\"wp-block-paragraph\">\u2022&nbsp;<strong>T\u00e9cnicas de control biol\u00f3gico<\/strong>: es posible utilizar antagonistas de hongos naturales, como la especie \u00abAmphorella quadripunctata\u00bb, para controlar el Oidium del tornillo.<\/p>\n\n\n\n<p class=\"wp-block-paragraph\">Para garantizar la correcta gesti\u00f3n del Oidio della Vite en vi\u00f1edos ecol\u00f3gicos, es importante respetar los m\u00e9todos y dosis indicados por el productor para el uso de&nbsp;<strong>qu\u00edmicos<\/strong>, y comprobar que est\u00e1n autorizados para su uso en el vi\u00f1edo. Adem\u00e1s, es importante seguir el&nbsp;<strong>normas y reglamentos<\/strong>&nbsp;el pliego de condiciones del producto ecol\u00f3gico, que regula el uso de m\u00e9todos sostenibles de prevenci\u00f3n y control en vi\u00f1edos ecol\u00f3gicos.<\/p>\n\n\n\n<p class=\"wp-block-paragraph\">Por \u00faltimo, es importante&nbsp;<strong>Supervisar de cerca<\/strong>&nbsp;el estado de salud de la vid y reconocer r\u00e1pidamente los s\u00edntomas del Oidium of the Lives, intervenir con prontitud con los tratamientos adecuados y garantizar la&nbsp;<strong>salud de la vid<\/strong>&nbsp;y el&nbsp;<strong>calidad de las uvas<\/strong>. En caso de dudas o incertidumbres, es aconsejable ponerse en contacto con un experto o consultor en agricultura ecol\u00f3gica para un diagn\u00f3stico y asesoramiento adecuados.<\/p>\n\n\n\n<h2 class=\"wp-block-heading\" id=\"titolo10\">Consejos para el manejo adecuado de la enfermedad<\/h2>\n\n\n\n<p class=\"wp-block-paragraph\">Para garantizar una&nbsp;<strong>una gesti\u00f3n adecuada<\/strong>&nbsp;de la<strong>Oidium<\/strong>&nbsp;del&nbsp;<strong>Vid<\/strong>&nbsp;es importante seguir uno&nbsp;<strong>estrategia de gesti\u00f3n integrada de plagas<\/strong>&nbsp;combinando diferentes medidas&nbsp;<strong>preventivos<\/strong>&nbsp;y&nbsp;<strong>control<\/strong>, y respetar el&nbsp;<strong>modo<\/strong>&nbsp;y el&nbsp;<strong>dosis<\/strong>&nbsp;indicado por el fabricante para el uso de&nbsp;<strong>qu\u00edmicos<\/strong>.<\/p>\n\n\n\n<p class=\"wp-block-paragraph\">Adem\u00e1s, es importante&nbsp;<strong>Supervisar de cerca<\/strong>&nbsp;el estado de salud de&nbsp;<strong>vid<\/strong>&nbsp;e&nbsp;<strong>reconocer de manera oportuna<\/strong>&nbsp;I&nbsp;<strong>s\u00edntomas<\/strong>&nbsp;de la<strong>Oidium de la Vid<\/strong>, intervenir con prontitud con el&nbsp;<strong>tratamientos adecuados<\/strong>. En conclusi\u00f3n, el&nbsp;<strong>prevenci\u00f3n<\/strong>&nbsp;y el&nbsp;<strong>control<\/strong>&nbsp;de la<strong>Oidium de la Vid<\/strong>&nbsp;son esenciales para garantizar la&nbsp;<strong>salud de la vid<\/strong>&nbsp;y el&nbsp;<strong>calidad de las uvas<\/strong>.<\/p>\n\n\n\n<p class=\"wp-block-paragraph\">Siga uno\u00a0<strong>una gesti\u00f3n adecuada<\/strong>\u00a0del\u00a0<strong>enfermedad<\/strong>, ambos en\u00a0<strong>vi\u00f1edos convencionales<\/strong>\u00a0eso\u00a0<strong>org\u00e1nico<\/strong>, ayuda a garantizar la\u00a0<strong>sostenibilidad<\/strong>\u00a0y el<strong>eficiencia<\/strong>\u00a0de producci\u00f3n\u00a0<strong>vino<\/strong>.<\/p>\n\n\n\n<p class=\"wp-block-paragraph\">Recordamos tambi\u00e9n que el odio a la vid es solo uno de los posibles <a href=\"https:\/\/vignetosicuro.it\/es\/le-malattie-della-vite-lelenco-completo-dalla-a-alla-z\/\">enfermedades del vi\u00f1edo<\/a>, el <a href=\"https:\/\/vignetosicuro.it\/es\/la-peronospora-della-vite-cause-effetti-e-la-soluzione-definitiva\/\">Peronospora de la Vid<\/a> De hecho, es otra enfermedad muy sentida. <\/p>\n\n\n\n<p class=\"wp-block-paragraph\">Si eres viticultor y has encontrado este interesante art\u00edculo reg\u00edstrate gratis<a href=\"https:\/\/vignetosicuro.it\/es\/peronosporazero\/\">\u00a0<\/a><a href=\"https:\/\/vignetosicuro.it\/es\/peronosporazero\/\" target=\"_blank\" rel=\"noreferrer noopener\">Vi\u00f1edo de Sicu<\/a><a href=\"https:\/\/app.vignetosicuro.it\/registrati?_gl=1*4tzpzv*_gcl_au*MTMzMjg5NzU2Mi4xNjkzOTI0NTI1\" target=\"_blank\" rel=\"noreferrer noopener\">RO<\/a>\u00a0y recibir\u00e1s la GU\u00cdA en el PERONOSPORA DE VITE<\/p>\n\n\n\n<figure class=\"wp-block-image size-large\"><a href=\"https:\/\/app.vignetosicuro.it\/registrati?_gl=1*116vlwf*_gcl_au*MTMzMjg5NzU2Mi4xNjkzOTI0NTI1\"><img loading=\"lazy\" decoding=\"async\" width=\"1024\" height=\"683\" src=\"https:\/\/vignetosicuro.it\/wp-content\/uploads\/2023\/10\/Guida_Peronospora_dellaVite_pdf-1-1024x683.jpg\" alt=\"\" class=\"wp-image-2086\" srcset=\"https:\/\/vignetosicuro.it\/wp-content\/uploads\/2023\/10\/Guida_Peronospora_dellaVite_pdf-1-1024x683.jpg 1024w, https:\/\/vignetosicuro.it\/wp-content\/uploads\/2023\/10\/Guida_Peronospora_dellaVite_pdf-1-300x200.jpg 300w, https:\/\/vignetosicuro.it\/wp-content\/uploads\/2023\/10\/Guida_Peronospora_dellaVite_pdf-1-768x512.jpg 768w, https:\/\/vignetosicuro.it\/wp-content\/uploads\/2023\/10\/Guida_Peronospora_dellaVite_pdf-1-1536x1024.jpg 1536w, https:\/\/vignetosicuro.it\/wp-content\/uploads\/2023\/10\/Guida_Peronospora_dellaVite_pdf-1-2048x1365.jpg 2048w\" sizes=\"(max-width: 1024px) 100vw, 1024px\" \/><\/a><\/figure>\n\n\n\n<h2 id=\"sitografia\" class=\"wp-block-heading\">Sitio<\/h2>\n\n\n\n<ul class=\"wp-block-list\">\n<li><a href=\"https:\/\/www.koppert.com\/challenges\/disease-control\/powdery\">www.koppert.com\/challenges\/<br>control de enfermedades\/polvo<\/a><\/li>\n\n\n\n<li><a href=\"https:\/\/www.koppert.com\/challenges\/disease-control\/powdery\">https:\/\/grangettos.com\/<br>blogs\/plagas y enfermedades-20\/<\/a><\/li>\n\n\n\n<li><a href=\"https:\/\/ipm.ucanr.edu\/m\/pn7494-1.html\">https:\/\/ipm.ucanr.edu\/m\/pn7494-1.html<\/a><\/li>\n\n\n\n<li><a href=\"https:\/\/www.syngentaornamentals.co.ke\/powdery-mildew\">www.syngentaornamentals.co.ke<br>\/polvo-Mildew<\/a><\/li>\n\n\n\n<li><a href=\"https:\/\/www.arsacweb.it\/oidio-della-vite\">www.arsacweb.it\/oidio-della-vite<\/a><\/li>\n\n\n\n<li><a href=\"https:\/\/www.agraria.org\/viticoltura-enologia\/oidio.htm\">www.agraria.org\/<br>viticultura-enolog\u00eda\/oidio.htm<\/a><\/li>\n\n\n\n<li><a href=\"https:\/\/valentepali.com\/oidio-nella-vite-ecco-tutti-i-rimedi\/\">valentepali.com (en ingl\u00e9s)<br>oidium-en-el-tornillo-aqu\u00ed-todo-i-remedios\/<\/a><\/li>\n<\/ul>\n\n\n\n<div class=\"wp-block-columns is-layout-flex wp-container-core-columns-is-layout-7387b849 wp-block-columns-is-layout-flex\">\n<div class=\"wp-block-column is-layout-flow wp-block-column-is-layout-flow\" style=\"flex-basis:25%\"><\/div>\n\n\n\n<div class=\"wp-block-column is-layout-flow wp-block-column-is-layout-flow\" style=\"flex-basis:50%\">\n<div class=\"wpcf7 no-js\" id=\"wpcf7-f942-o1\" lang=\"en-US\" dir=\"ltr\" data-wpcf7-id=\"942\">\n<div class=\"screen-reader-response\"><p role=\"status\" aria-live=\"polite\" aria-atomic=\"true\"><\/p> <ul><\/ul><\/div>\n<form action=\"\/es\/wp-json\/wp\/v2\/posts\/1363#wpcf7-f942-o1\" method=\"post\" class=\"wpcf7-form init wpcf7-acceptance-as-validation\" aria-label=\"Formulario de contacto\" novalidate=\"novalidate\" data-status=\"init\" data-etm-original-action=\"\/es\/wp-json\/wp\/v2\/posts\/1363#wpcf7-f942-o1\">\n<fieldset class=\"hidden-fields-container\"><input type=\"hidden\" name=\"_wpcf7\" value=\"942\" \/><input type=\"hidden\" name=\"_wpcf7_version\" value=\"6.1.7\" \/><input type=\"hidden\" name=\"_wpcf7_locale\" value=\"en_US\" \/><input type=\"hidden\" name=\"_wpcf7_unit_tag\" value=\"wpcf7-f942-o1\" \/><input type=\"hidden\" name=\"_wpcf7_container_post\" value=\"0\" \/><input type=\"hidden\" name=\"_wpcf7_posted_data_hash\" value=\"\" \/><input type=\"hidden\" name=\"_wpcf7_recaptcha_response\" value=\"\" \/>\n<\/fieldset>\n<p><label> Nombre*<br \/>\n<span class=\"wpcf7-form-control-wrap\" data-name=\"your-name\"><input size=\"40\" maxlength=\"400\" class=\"wpcf7-form-control wpcf7-text wpcf7-validates-as-required\" autocomplete=\"name\" aria-required=\"true\" aria-invalid=\"false\" value=\"\" type=\"text\" name=\"your-name\" \/><\/span> <\/label>\n<\/p>\n<p><label> Correo electr\u00f3nico*<br \/>\n<span class=\"wpcf7-form-control-wrap\" data-name=\"your-email\"><input size=\"40\" maxlength=\"400\" class=\"wpcf7-form-control wpcf7-email wpcf7-validates-as-required wpcf7-text wpcf7-validates-as-email\" autocomplete=\"email\" aria-required=\"true\" aria-invalid=\"false\" value=\"\" type=\"email\" name=\"your-email\" \/><\/span> <\/label>\n<\/p>\n<p><label> Mensaje*<br \/>\n<span class=\"wpcf7-form-control-wrap\" data-name=\"your-message\"><textarea cols=\"40\" rows=\"10\" maxlength=\"2000\" class=\"wpcf7-form-control wpcf7-textarea\" aria-invalid=\"false\" name=\"your-message\"><\/textarea><\/span> <\/label>\n<\/p>\n<p><span class=\"wpcf7-form-control-wrap\" data-name=\"acceptance-459\"><span class=\"wpcf7-form-control wpcf7-acceptance\"><span class=\"wpcf7-list-item\"><label><input type=\"checkbox\" name=\"acceptance-459\" value=\"1\" aria-invalid=\"false\" \/><span class=\"wpcf7-list-item-label\"><span style=\"font-weight: normal; text-transform: none; font-size: 14px\"> Declaro que he le\u00eddo y acepto la pol\u00edtica de privacidad de conformidad con el nuevo Reglamento General de Protecci\u00f3n de Datos (RGPD) del REG. UE 2016\/679 y despu\u00e9s de haber le\u00eddo la informaci\u00f3n ampliada sobre <a href=\"https:\/\/vignetosicuro.it\/es\/privacy-policy\/\" style=\"text-decoration: underline; color: #212121; font-weight: 600\">Pol\u00edtica de privacidad<\/a> y el <a href=\"https:\/\/vignetosicuro.it\/es\/cookie-policy\/\" style=\"text-decoration: underline; color: #212121; font-weight: 600\">cookies<\/a>. <\/span><\/span><\/label><\/span><\/span><\/span>\n<\/p>\n<p><input class=\"wpcf7-form-control wpcf7-submit has-spinner\" type=\"submit\" value=\"CONTACTA CON NOSOTROS\" \/>\n<\/p><div class=\"wpcf7-response-output\" aria-hidden=\"true\"><\/div>\n<input type=\"hidden\" name=\"etm-form-language\" value=\"es\"\/><\/form>\n<\/div>\n\n<\/div>\n\n\n\n<div class=\"wp-block-column is-layout-flow wp-block-column-is-layout-flow\" style=\"flex-basis:25%\"><\/div>\n<\/div>\n\n\n\n<p class=\"wp-block-paragraph\"><\/p>","protected":false},"excerpt":{"rendered":"<p>Descubre qu\u00e9 es el Oidio della Vite y c\u00f3mo prevenirlo: Siga nuestros consejos para mantener la salud de la vid y la calidad de la uva<\/p>","protected":false},"author":3,"featured_media":841,"comment_status":"closed","ping_status":"open","sticky":false,"template":"","format":"standard","meta":{"footnotes":""},"categories":[1],"tags":[],"class_list":["post-1363","post","type-post","status-publish","format-standard","has-post-thumbnail","hentry","category-uncategorized"],"yoast_head":"<!-- This site is optimized with the Yoast SEO plugin v28.4 - https:\/\/yoast.com\/product\/yoast-seo-wordpress\/ -->\n<title>Oidio della Vite: cos&#039;\u00e8 e come prevenirlo - Vigneto Sicuro<\/title>\n<meta name=\"description\" content=\"Scopri cos&#039;\u00e8 l&#039;Oidio della Vite e come prevenirlo: segui i nostri consigli per mantenere la salute della vite e la qualit\u00e0 delle uve\" \/>\n<meta name=\"robots\" content=\"index, follow, max-snippet:-1, max-image-preview:large, max-video-preview:-1\" \/>\n<link rel=\"canonical\" href=\"https:\/\/vignetosicuro.it\/es\/oidio-della-vite-cose-e-come-prevenirlo\/\" \/>\n<meta property=\"og:locale\" content=\"es_ES\" \/>\n<meta property=\"og:type\" content=\"article\" \/>\n<meta property=\"og:title\" content=\"Oidio della Vite: cos&#039;\u00e8 e come prevenirlo - Vigneto Sicuro\" \/>\n<meta property=\"og:description\" content=\"Scopri cos&#039;\u00e8 l&#039;Oidio della Vite e come prevenirlo: segui i nostri consigli per mantenere la salute della vite e la qualit\u00e0 delle uve\" \/>\n<meta property=\"og:url\" content=\"https:\/\/vignetosicuro.it\/es\/oidio-della-vite-cose-e-come-prevenirlo\/\" \/>\n<meta property=\"og:site_name\" content=\"Vigneto Sicuro\" \/>\n<meta property=\"article:published_time\" content=\"2023-03-17T14:30:10+00:00\" \/>\n<meta property=\"article:modified_time\" content=\"2023-10-31T14:45:35+00:00\" \/>\n<meta property=\"og:image\" content=\"https:\/\/vignetosicuro.it\/wp-content\/uploads\/2023\/03\/oidiobg.webp\" \/>\n\t<meta property=\"og:image:width\" content=\"2000\" \/>\n\t<meta property=\"og:image:height\" content=\"1333\" \/>\n\t<meta property=\"og:image:type\" content=\"image\/webp\" \/>\n<meta name=\"author\" content=\"Carlo Capretta\" \/>\n<meta name=\"twitter:card\" content=\"summary_large_image\" \/>\n<meta name=\"twitter:label1\" content=\"Escrito por\" \/>\n\t<meta name=\"twitter:data1\" content=\"Carlo Capretta\" \/>\n\t<meta name=\"twitter:label2\" content=\"Tiempo de lectura\" \/>\n\t<meta name=\"twitter:data2\" content=\"11 minutos\" \/>\n<script type=\"application\/ld+json\" class=\"yoast-schema-graph\">{\"@context\":\"https:\\\/\\\/schema.org\",\"@graph\":[{\"@type\":\"Article\",\"@id\":\"https:\\\/\\\/vignetosicuro.it\\\/oidio-della-vite-cose-e-come-prevenirlo\\\/#article\",\"isPartOf\":{\"@id\":\"https:\\\/\\\/vignetosicuro.it\\\/oidio-della-vite-cose-e-come-prevenirlo\\\/\"},\"author\":{\"name\":\"Carlo Capretta\",\"@id\":\"https:\\\/\\\/vignetosicuro.it\\\/#\\\/schema\\\/person\\\/934f95b38f058fdbbf9669ad7e006bdf\"},\"headline\":\"Oidio della Vite: cos&#8217;\u00e8 e come prevenirlo\",\"datePublished\":\"2023-03-17T14:30:10+00:00\",\"dateModified\":\"2023-10-31T14:45:35+00:00\",\"mainEntityOfPage\":{\"@id\":\"https:\\\/\\\/vignetosicuro.it\\\/oidio-della-vite-cose-e-come-prevenirlo\\\/\"},\"wordCount\":2143,\"publisher\":{\"@id\":\"https:\\\/\\\/vignetosicuro.it\\\/#organization\"},\"image\":{\"@id\":\"https:\\\/\\\/vignetosicuro.it\\\/oidio-della-vite-cose-e-come-prevenirlo\\\/#primaryimage\"},\"thumbnailUrl\":\"https:\\\/\\\/vignetosicuro.it\\\/wp-content\\\/uploads\\\/2023\\\/03\\\/oidiobg.webp\",\"articleSection\":[\"Uncategorized\"],\"inLanguage\":\"es\"},{\"@type\":\"WebPage\",\"@id\":\"https:\\\/\\\/vignetosicuro.it\\\/oidio-della-vite-cose-e-come-prevenirlo\\\/\",\"url\":\"https:\\\/\\\/vignetosicuro.it\\\/oidio-della-vite-cose-e-come-prevenirlo\\\/\",\"name\":\"Oidio della Vite: cos'\u00e8 e come prevenirlo - Vigneto Sicuro\",\"isPartOf\":{\"@id\":\"https:\\\/\\\/vignetosicuro.it\\\/#website\"},\"primaryImageOfPage\":{\"@id\":\"https:\\\/\\\/vignetosicuro.it\\\/oidio-della-vite-cose-e-come-prevenirlo\\\/#primaryimage\"},\"image\":{\"@id\":\"https:\\\/\\\/vignetosicuro.it\\\/oidio-della-vite-cose-e-come-prevenirlo\\\/#primaryimage\"},\"thumbnailUrl\":\"https:\\\/\\\/vignetosicuro.it\\\/wp-content\\\/uploads\\\/2023\\\/03\\\/oidiobg.webp\",\"datePublished\":\"2023-03-17T14:30:10+00:00\",\"dateModified\":\"2023-10-31T14:45:35+00:00\",\"description\":\"Scopri cos'\u00e8 l'Oidio della Vite e come prevenirlo: segui i nostri consigli per mantenere la salute della vite e la qualit\u00e0 delle uve\",\"breadcrumb\":{\"@id\":\"https:\\\/\\\/vignetosicuro.it\\\/oidio-della-vite-cose-e-come-prevenirlo\\\/#breadcrumb\"},\"inLanguage\":\"es\",\"potentialAction\":[{\"@type\":\"ReadAction\",\"target\":[\"https:\\\/\\\/vignetosicuro.it\\\/oidio-della-vite-cose-e-come-prevenirlo\\\/\"]}]},{\"@type\":\"ImageObject\",\"inLanguage\":\"es\",\"@id\":\"https:\\\/\\\/vignetosicuro.it\\\/oidio-della-vite-cose-e-come-prevenirlo\\\/#primaryimage\",\"url\":\"https:\\\/\\\/vignetosicuro.it\\\/wp-content\\\/uploads\\\/2023\\\/03\\\/oidiobg.webp\",\"contentUrl\":\"https:\\\/\\\/vignetosicuro.it\\\/wp-content\\\/uploads\\\/2023\\\/03\\\/oidiobg.webp\",\"width\":2000,\"height\":1333},{\"@type\":\"BreadcrumbList\",\"@id\":\"https:\\\/\\\/vignetosicuro.it\\\/oidio-della-vite-cose-e-come-prevenirlo\\\/#breadcrumb\",\"itemListElement\":[{\"@type\":\"ListItem\",\"position\":1,\"name\":\"Home\",\"item\":\"https:\\\/\\\/vignetosicuro.it\\\/\"},{\"@type\":\"ListItem\",\"position\":2,\"name\":\"Oidio della Vite: cos&#8217;\u00e8 e come prevenirlo\"}]},{\"@type\":\"WebSite\",\"@id\":\"https:\\\/\\\/vignetosicuro.it\\\/#website\",\"url\":\"https:\\\/\\\/vignetosicuro.it\\\/\",\"name\":\"Vigneto Sicuro\",\"description\":\"\",\"publisher\":{\"@id\":\"https:\\\/\\\/vignetosicuro.it\\\/#organization\"},\"potentialAction\":[{\"@type\":\"SearchAction\",\"target\":{\"@type\":\"EntryPoint\",\"urlTemplate\":\"https:\\\/\\\/vignetosicuro.it\\\/?s={search_term_string}\"},\"query-input\":{\"@type\":\"PropertyValueSpecification\",\"valueRequired\":true,\"valueName\":\"search_term_string\"}}],\"inLanguage\":\"es\"},{\"@type\":\"Organization\",\"@id\":\"https:\\\/\\\/vignetosicuro.it\\\/#organization\",\"name\":\"Vigneto Sicuro\",\"url\":\"https:\\\/\\\/vignetosicuro.it\\\/\",\"logo\":{\"@type\":\"ImageObject\",\"inLanguage\":\"es\",\"@id\":\"https:\\\/\\\/vignetosicuro.it\\\/#\\\/schema\\\/logo\\\/image\\\/\",\"url\":\"https:\\\/\\\/vignetosicuro.it\\\/wp-content\\\/uploads\\\/2023\\\/03\\\/Raggruppa-376.svg\",\"contentUrl\":\"https:\\\/\\\/vignetosicuro.it\\\/wp-content\\\/uploads\\\/2023\\\/03\\\/Raggruppa-376.svg\",\"width\":239,\"height\":58,\"caption\":\"Vigneto Sicuro\"},\"image\":{\"@id\":\"https:\\\/\\\/vignetosicuro.it\\\/#\\\/schema\\\/logo\\\/image\\\/\"}},{\"@type\":\"Person\",\"@id\":\"https:\\\/\\\/vignetosicuro.it\\\/#\\\/schema\\\/person\\\/934f95b38f058fdbbf9669ad7e006bdf\",\"name\":\"Carlo Capretta\",\"image\":{\"@type\":\"ImageObject\",\"inLanguage\":\"es\",\"@id\":\"https:\\\/\\\/secure.gravatar.com\\\/avatar\\\/7c0fee6be9594e4bc4f41cedcc260affea550b3de454f4ac0896ed04b6725544?s=96&d=mm&r=g\",\"url\":\"https:\\\/\\\/secure.gravatar.com\\\/avatar\\\/7c0fee6be9594e4bc4f41cedcc260affea550b3de454f4ac0896ed04b6725544?s=96&d=mm&r=g\",\"contentUrl\":\"https:\\\/\\\/secure.gravatar.com\\\/avatar\\\/7c0fee6be9594e4bc4f41cedcc260affea550b3de454f4ac0896ed04b6725544?s=96&d=mm&r=g\",\"caption\":\"Carlo Capretta\"},\"url\":\"https:\\\/\\\/vignetosicuro.it\\\/es\\\/author\\\/carlo-capretta\\\/\"}]}<\/script>\n<!-- \/ Yoast SEO plugin. -->","yoast_head_json":{"title":"Oidio della Vite: cos'\u00e8 e come prevenirlo - Vigneto Sicuro","description":"Scopri cos'\u00e8 l'Oidio della Vite e come prevenirlo: segui i nostri consigli per mantenere la salute della vite e la qualit\u00e0 delle uve","robots":{"index":"index","follow":"follow","max-snippet":"max-snippet:-1","max-image-preview":"max-image-preview:large","max-video-preview":"max-video-preview:-1"},"canonical":"https:\/\/vignetosicuro.it\/es\/oidio-della-vite-cose-e-come-prevenirlo\/","og_locale":"es_ES","og_type":"article","og_title":"Oidio della Vite: cos'\u00e8 e come prevenirlo - Vigneto Sicuro","og_description":"Scopri cos'\u00e8 l'Oidio della Vite e come prevenirlo: segui i nostri consigli per mantenere la salute della vite e la qualit\u00e0 delle uve","og_url":"https:\/\/vignetosicuro.it\/es\/oidio-della-vite-cose-e-come-prevenirlo\/","og_site_name":"Vigneto Sicuro","article_published_time":"2023-03-17T14:30:10+00:00","article_modified_time":"2023-10-31T14:45:35+00:00","og_image":[{"width":2000,"height":1333,"url":"https:\/\/vignetosicuro.it\/wp-content\/uploads\/2023\/03\/oidiobg.webp","type":"image\/webp"}],"author":"Carlo Capretta","twitter_card":"summary_large_image","twitter_misc":{"Escrito por":"Carlo Capretta","Tiempo de lectura":"11 minutos"},"schema":{"@context":"https:\/\/schema.org","@graph":[{"@type":"Article","@id":"https:\/\/vignetosicuro.it\/oidio-della-vite-cose-e-come-prevenirlo\/#article","isPartOf":{"@id":"https:\/\/vignetosicuro.it\/oidio-della-vite-cose-e-come-prevenirlo\/"},"author":{"name":"Carlo Capretta","@id":"https:\/\/vignetosicuro.it\/#\/schema\/person\/934f95b38f058fdbbf9669ad7e006bdf"},"headline":"Oidio della Vite: cos&#8217;\u00e8 e come prevenirlo","datePublished":"2023-03-17T14:30:10+00:00","dateModified":"2023-10-31T14:45:35+00:00","mainEntityOfPage":{"@id":"https:\/\/vignetosicuro.it\/oidio-della-vite-cose-e-come-prevenirlo\/"},"wordCount":2143,"publisher":{"@id":"https:\/\/vignetosicuro.it\/#organization"},"image":{"@id":"https:\/\/vignetosicuro.it\/oidio-della-vite-cose-e-come-prevenirlo\/#primaryimage"},"thumbnailUrl":"https:\/\/vignetosicuro.it\/wp-content\/uploads\/2023\/03\/oidiobg.webp","articleSection":["Uncategorized"],"inLanguage":"es"},{"@type":"WebPage","@id":"https:\/\/vignetosicuro.it\/oidio-della-vite-cose-e-come-prevenirlo\/","url":"https:\/\/vignetosicuro.it\/oidio-della-vite-cose-e-come-prevenirlo\/","name":"Oidio della Vite: cos'\u00e8 e come prevenirlo - Vigneto Sicuro","isPartOf":{"@id":"https:\/\/vignetosicuro.it\/#website"},"primaryImageOfPage":{"@id":"https:\/\/vignetosicuro.it\/oidio-della-vite-cose-e-come-prevenirlo\/#primaryimage"},"image":{"@id":"https:\/\/vignetosicuro.it\/oidio-della-vite-cose-e-come-prevenirlo\/#primaryimage"},"thumbnailUrl":"https:\/\/vignetosicuro.it\/wp-content\/uploads\/2023\/03\/oidiobg.webp","datePublished":"2023-03-17T14:30:10+00:00","dateModified":"2023-10-31T14:45:35+00:00","description":"Scopri cos'\u00e8 l'Oidio della Vite e come prevenirlo: segui i nostri consigli per mantenere la salute della vite e la qualit\u00e0 delle uve","breadcrumb":{"@id":"https:\/\/vignetosicuro.it\/oidio-della-vite-cose-e-come-prevenirlo\/#breadcrumb"},"inLanguage":"es","potentialAction":[{"@type":"ReadAction","target":["https:\/\/vignetosicuro.it\/oidio-della-vite-cose-e-come-prevenirlo\/"]}]},{"@type":"ImageObject","inLanguage":"es","@id":"https:\/\/vignetosicuro.it\/oidio-della-vite-cose-e-come-prevenirlo\/#primaryimage","url":"https:\/\/vignetosicuro.it\/wp-content\/uploads\/2023\/03\/oidiobg.webp","contentUrl":"https:\/\/vignetosicuro.it\/wp-content\/uploads\/2023\/03\/oidiobg.webp","width":2000,"height":1333},{"@type":"BreadcrumbList","@id":"https:\/\/vignetosicuro.it\/oidio-della-vite-cose-e-come-prevenirlo\/#breadcrumb","itemListElement":[{"@type":"ListItem","position":1,"name":"Home","item":"https:\/\/vignetosicuro.it\/"},{"@type":"ListItem","position":2,"name":"Oidio della Vite: cos&#8217;\u00e8 e come prevenirlo"}]},{"@type":"WebSite","@id":"https:\/\/vignetosicuro.it\/#website","url":"https:\/\/vignetosicuro.it\/","name":"Vigneto Sicuro","description":"","publisher":{"@id":"https:\/\/vignetosicuro.it\/#organization"},"potentialAction":[{"@type":"SearchAction","target":{"@type":"EntryPoint","urlTemplate":"https:\/\/vignetosicuro.it\/?s={search_term_string}"},"query-input":{"@type":"PropertyValueSpecification","valueRequired":true,"valueName":"search_term_string"}}],"inLanguage":"es"},{"@type":"Organization","@id":"https:\/\/vignetosicuro.it\/#organization","name":"Vigneto Sicuro","url":"https:\/\/vignetosicuro.it\/","logo":{"@type":"ImageObject","inLanguage":"es","@id":"https:\/\/vignetosicuro.it\/#\/schema\/logo\/image\/","url":"https:\/\/vignetosicuro.it\/wp-content\/uploads\/2023\/03\/Raggruppa-376.svg","contentUrl":"https:\/\/vignetosicuro.it\/wp-content\/uploads\/2023\/03\/Raggruppa-376.svg","width":239,"height":58,"caption":"Vigneto Sicuro"},"image":{"@id":"https:\/\/vignetosicuro.it\/#\/schema\/logo\/image\/"}},{"@type":"Person","@id":"https:\/\/vignetosicuro.it\/#\/schema\/person\/934f95b38f058fdbbf9669ad7e006bdf","name":"Carlo Capretta","image":{"@type":"ImageObject","inLanguage":"es","@id":"https:\/\/secure.gravatar.com\/avatar\/7c0fee6be9594e4bc4f41cedcc260affea550b3de454f4ac0896ed04b6725544?s=96&d=mm&r=g","url":"https:\/\/secure.gravatar.com\/avatar\/7c0fee6be9594e4bc4f41cedcc260affea550b3de454f4ac0896ed04b6725544?s=96&d=mm&r=g","contentUrl":"https:\/\/secure.gravatar.com\/avatar\/7c0fee6be9594e4bc4f41cedcc260affea550b3de454f4ac0896ed04b6725544?s=96&d=mm&r=g","caption":"Carlo Capretta"},"url":"https:\/\/vignetosicuro.it\/es\/author\/carlo-capretta\/"}]}},"_links":{"self":[{"href":"https:\/\/vignetosicuro.it\/es\/wp-json\/wp\/v2\/posts\/1363","targetHints":{"allow":["GET"]}}],"collection":[{"href":"https:\/\/vignetosicuro.it\/es\/wp-json\/wp\/v2\/posts"}],"about":[{"href":"https:\/\/vignetosicuro.it\/es\/wp-json\/wp\/v2\/types\/post"}],"author":[{"embeddable":true,"href":"https:\/\/vignetosicuro.it\/es\/wp-json\/wp\/v2\/users\/3"}],"replies":[{"embeddable":true,"href":"https:\/\/vignetosicuro.it\/es\/wp-json\/wp\/v2\/comments?post=1363"}],"version-history":[{"count":11,"href":"https:\/\/vignetosicuro.it\/es\/wp-json\/wp\/v2\/posts\/1363\/revisions"}],"predecessor-version":[{"id":2168,"href":"https:\/\/vignetosicuro.it\/es\/wp-json\/wp\/v2\/posts\/1363\/revisions\/2168"}],"wp:featuredmedia":[{"embeddable":true,"href":"https:\/\/vignetosicuro.it\/es\/wp-json\/wp\/v2\/media\/841"}],"wp:attachment":[{"href":"https:\/\/vignetosicuro.it\/es\/wp-json\/wp\/v2\/media?parent=1363"}],"wp:term":[{"taxonomy":"category","embeddable":true,"href":"https:\/\/vignetosicuro.it\/es\/wp-json\/wp\/v2\/categories?post=1363"},{"taxonomy":"post_tag","embeddable":true,"href":"https:\/\/vignetosicuro.it\/es\/wp-json\/wp\/v2\/tags?post=1363"}],"curies":[{"name":"wp","href":"https:\/\/api.w.org\/{rel}","templated":true}]}}